{"id":74,"date":"2015-11-10T02:44:14","date_gmt":"2015-11-10T02:44:14","guid":{"rendered":"http:\/\/www.anti-defamation.pl\/english\/?p=74"},"modified":"2015-11-10T02:44:14","modified_gmt":"2015-11-10T02:44:14","slug":"straznik-pamieci-dla-reduty","status":"publish","type":"post","link":"https:\/\/rdi.org.pl\/english\/straznik-pamieci-dla-reduty\/","title":{"rendered":"Stra\u017cnik Pami\u0119ci dla Reduty!"},"content":{"rendered":"<p>Z przyjemno\u015bci\u0105 informujemy, \u017ce Reduta dobrego Imienia zosta\u0142a nagrodzona nagrod\u0105 &#8222;Stra\u017cnik Pami\u0119ci&#8221; Tygodnika &#8222;DoRzeczy&#8221;<\/p>\n<p>Poni\u017cej film z podzi\u0119kowaniami prezesa Reduty &#8211; Macieja \u015awirskiego i laudacj\u0105 Piotra Gabryela<\/p>\n<p><iframe loading=\"lazy\" title=\"Stra\u017cnik Pami\u0119ci dla Reduty Dobrego Imienia\" width=\"1080\" height=\"608\" src=\"https:\/\/www.youtube.com\/embed\/qdqkxQfpD2k?feature=oembed\"  allow=\"accelerometer; autoplay; clipboard-write; encrypted-media; gyroscope; picture-in-picture; web-share\" allowfullscreen><\/iframe><\/p>\n","protected":false},"excerpt":{"rendered":"<p>Z przyjemno\u015bci\u0105 informujemy, \u017ce Reduta dobrego Imienia zosta\u0142a nagrodzona nagrod\u0105 &#8222;Stra\u017cnik Pami\u0119ci&#8221; Tygodnika &#8222;DoRzeczy&#8221; Poni\u017cej film z podzi\u0119kowaniami prezesa Reduty &#8211; Macieja \u015awirskiego i laudacj\u0105 Piotra Gabryela<\/p>\n","protected":false},"author":3,"featured_media":471295,"comment_status":"open","ping_status":"open","sticky":false,"template":"","format":"standard","meta":{"_et_pb_use_builder":"","_et_pb_old_content":"","_et_gb_content_width":"","sfsi_plus_gutenberg_text_before_share":"","sfsi_plus_gutenberg_show_text_before_share":"","sfsi_plus_gutenberg_icon_type":"","sfsi_plus_gutenberg_icon_alignemt":"","sfsi_plus_gutenburg_max_per_row":"","footnotes":""},"categories":[39,40],"tags":[],"class_list":["post-74","post","type-post","status-publish","format-standard","has-post-thumbnail","hentry","category-aktualnosci","category-straznik-pamieci"],"_links":{"self":[{"href":"https:\/\/rdi.org.pl\/english\/wp-json\/wp\/v2\/posts\/74","targetHints":{"allow":["GET"]}}],"collection":[{"href":"https:\/\/rdi.org.pl\/english\/wp-json\/wp\/v2\/posts"}],"about":[{"href":"https:\/\/rdi.org.pl\/english\/wp-json\/wp\/v2\/types\/post"}],"author":[{"embeddable":true,"href":"https:\/\/rdi.org.pl\/english\/wp-json\/wp\/v2\/users\/3"}],"replies":[{"embeddable":true,"href":"https:\/\/rdi.org.pl\/english\/wp-json\/wp\/v2\/comments?post=74"}],"version-history":[{"count":0,"href":"https:\/\/rdi.org.pl\/english\/wp-json\/wp\/v2\/posts\/74\/revisions"}],"wp:featuredmedia":[{"embeddable":true,"href":"https:\/\/rdi.org.pl\/english\/wp-json\/wp\/v2\/media\/471295"}],"wp:attachment":[{"href":"https:\/\/rdi.org.pl\/english\/wp-json\/wp\/v2\/media?parent=74"}],"wp:term":[{"taxonomy":"category","embeddable":true,"href":"https:\/\/rdi.org.pl\/english\/wp-json\/wp\/v2\/categories?post=74"},{"taxonomy":"post_tag","embeddable":true,"href":"https:\/\/rdi.org.pl\/english\/wp-json\/wp\/v2\/tags?post=74"}],"curies":[{"name":"wp","href":"https:\/\/api.w.org\/{rel}","templated":true}]}}